{"id":101,"date":"2025-05-31T05:06:00","date_gmt":"2025-05-31T05:06:00","guid":{"rendered":"https:\/\/casaculturatejutleca.com\/?p=101"},"modified":"2025-05-31T05:15:25","modified_gmt":"2025-05-31T05:15:25","slug":"historia-breve-de-tejutla","status":"publish","type":"post","link":"https:\/\/casaculturatejutleca.com\/?p=101","title":{"rendered":"Historia breve de Tejutla"},"content":{"rendered":"\n<p><strong>Tejutla<\/strong> (del n\u00e1huatl \u00ablugar de tintoreros\u00bb) es un municipio que pertenece al departamento de San Marcos, en Guatemala. <\/p>\n\n\n\n<figure class=\"wp-block-image aligncenter size-full\"><img loading=\"lazy\" decoding=\"async\" width=\"278\" height=\"181\" src=\"https:\/\/casaculturatejutleca.com\/wp-content\/uploads\/2025\/05\/tejutla-de-antano.jpg\" alt=\"\" class=\"wp-image-108\"\/><\/figure>\n\n\n\n<p>El poblado donde se asienta la Villa de Tejutla es tan antiguo que cuando los conquistadores espa\u00f1oles llegaron a la regi\u00f3n en 1524, era ya un poblado de gran importancia dentro de los poblados de raza mam, por su industria textil. Durante la \u00e9poca colonial fue el importante convento de \u00abSantiago de Tejutla\u00bb a cargo de los frailes mercedarios; el poblado fue fundado oficialmente el 25 de julio de 1627 como \u00abSantiago Tenango\u00bb (espa\u00f1ol: muralla de Santiago). Ya para 1690 Tejutla inclu\u00eda los modernos municipios de: Comitancillo, Ixchigu\u00e1n, Concepci\u00f3n Tutuapa, Sipacapa, Sibinal, Tajumulco, Tacan\u00e1 y parte de San Miguel Ixtahuac\u00e1n.<\/p>\n\n\n\n<div class=\"wp-block-columns is-layout-flex wp-container-core-columns-is-layout-28f84493 wp-block-columns-is-layout-flex\">\n<div class=\"wp-block-column is-layout-flow wp-block-column-is-layout-flow\">\n<figure class=\"wp-block-image size-full\"><img loading=\"lazy\" decoding=\"async\" width=\"439\" height=\"440\" src=\"https:\/\/casaculturatejutleca.com\/wp-content\/uploads\/2025\/05\/FB_IMG_1677758635375.jpg\" alt=\"\" class=\"wp-image-105\" srcset=\"https:\/\/casaculturatejutleca.com\/wp-content\/uploads\/2025\/05\/FB_IMG_1677758635375.jpg 439w, https:\/\/casaculturatejutleca.com\/wp-content\/uploads\/2025\/05\/FB_IMG_1677758635375-300x300.jpg 300w, https:\/\/casaculturatejutleca.com\/wp-content\/uploads\/2025\/05\/FB_IMG_1677758635375-150x150.jpg 150w\" sizes=\"auto, (max-width: 439px) 100vw, 439px\" \/><\/figure>\n<\/div>\n\n\n\n<div class=\"wp-block-column is-layout-flow wp-block-column-is-layout-flow\">\n<figure class=\"wp-block-image size-full\"><img loading=\"lazy\" decoding=\"async\" width=\"365\" height=\"365\" src=\"https:\/\/casaculturatejutleca.com\/wp-content\/uploads\/2025\/05\/FB_IMG_1677758630860.jpg\" alt=\"\" class=\"wp-image-104\" srcset=\"https:\/\/casaculturatejutleca.com\/wp-content\/uploads\/2025\/05\/FB_IMG_1677758630860.jpg 365w, https:\/\/casaculturatejutleca.com\/wp-content\/uploads\/2025\/05\/FB_IMG_1677758630860-300x300.jpg 300w, https:\/\/casaculturatejutleca.com\/wp-content\/uploads\/2025\/05\/FB_IMG_1677758630860-150x150.jpg 150w\" sizes=\"auto, (max-width: 365px) 100vw, 365px\" \/><\/figure>\n<\/div>\n<\/div>\n\n\n\n<p>En 1870 Tejutla logr\u00f3 la categor\u00eda de Villa y, por el desarrollo alcanzado, las autoridades solicitaron a la C\u00e1mara de representantes de Guatemala su ascenso a cabecera departamental. Pero el poder de Tejutla se desmoron\u00f3 con el triunfo de la Reforma Liberal en 1871; cuando los liberales liderados por Miguel Garc\u00eda Granados y Justo Rufino Barrios tomaron el poder, iniciaron una pol\u00edtica tensa con la Iglesia Cat\u00f3lica,<\/p>\n\n\n\n<p>Tejutla ha sido tierra de M\u00fasicos y poetas, tal cual fue la inspiraci\u00f3n del poeta tejutleco, que le llam\u00f3 &#8220;LA F\u00daLGIDA VILLA DE TEJUTLA&#8221;. Poeta Armando Laparra. <\/p>\n\n\n\n<p>En la actualidad, se ha estado perdiendo muchas costumbres y tradiciones, as\u00ed como lo colonial de sus calles y sus casas de adobe y techo con tejas de barro. <\/p>\n\n\n\n<iframe loading=\"lazy\" src=\"https:\/\/www.facebook.com\/plugins\/video.php?height=314&#038;href=https%3A%2F%2Fwww.facebook.com%2Fbegonia.laexplosiva%2Fvideos%2F1036716387991204%2F&#038;show_text=true&#038;width=560&#038;t=0\" width=\"560\" height=\"429\" style=\"border:none;overflow:hidden\" scrolling=\"no\" frameborder=\"0\" allowfullscreen=\"true\" allow=\"autoplay; clipboard-write; encrypted-media; picture-in-picture; web-share\" allowFullScreen=\"true\"><\/iframe>\n\n\n\n<p><\/p>\n","protected":false},"excerpt":{"rendered":"<p>Tejutla (del n\u00e1huatl \u00ablugar de tintoreros\u00bb) es un municipio que pertenece al departamento de San Marcos, en Guatemala. El poblado [&hellip;]<\/p>\n","protected":false},"author":1,"featured_media":106,"comment_status":"open","ping_status":"open","sticky":false,"template":"","format":"standard","meta":{"sfsi_plus_gutenberg_text_before_share":"","sfsi_plus_gutenberg_show_text_before_share":"","sfsi_plus_gutenberg_icon_type":"","sfsi_plus_gutenberg_icon_alignemt":"","sfsi_plus_gutenburg_max_per_row":"","site-sidebar-layout":"default","site-content-layout":"","ast-site-content-layout":"","site-content-style":"default","site-sidebar-style":"default","ast-global-header-display":"","ast-banner-title-visibility":"","ast-main-header-display":"","ast-hfb-above-header-display":"","ast-hfb-below-header-display":"","ast-hfb-mobile-header-display":"","site-post-title":"","ast-breadcrumbs-content":"","ast-featured-img":"","footer-sml-layout":"","theme-transparent-header-meta":"","adv-header-id-meta":"","stick-header-meta":"","header-above-stick-meta":"","header-main-stick-meta":"","header-below-stick-meta":"","astra-migrate-meta-layouts":"default","ast-page-background-enabled":"default","ast-page-background-meta":{"desktop":{"background-color":"var(--ast-global-color-5)","background-image":"","background-repeat":"repeat","background-position":"center center","background-size":"auto","background-attachment":"scroll","background-type":"","background-media":"","overlay-type":"","overlay-color":"","overlay-opacity":"","overlay-gradient":""},"tablet":{"background-color":"","background-image":"","background-repeat":"repeat","background-position":"center center","background-size":"auto","background-attachment":"scroll","background-type":"","background-media":"","overlay-type":"","overlay-color":"","overlay-opacity":"","overlay-gradient":""},"mobile":{"background-color":"","background-image":"","background-repeat":"repeat","background-position":"center center","background-size":"auto","background-attachment":"scroll","background-type":"","background-media":"","overlay-type":"","overlay-color":"","overlay-opacity":"","overlay-gradient":""}},"ast-content-background-meta":{"desktop":{"background-color":"var(--ast-global-color-4)","background-image":"","background-repeat":"repeat","background-position":"center center","background-size":"auto","background-attachment":"scroll","background-type":"","background-media":"","overlay-type":"","overlay-color":"","overlay-opacity":"","overlay-gradient":""},"tablet":{"background-color":"var(--ast-global-color-4)","background-image":"","background-repeat":"repeat","background-position":"center center","background-size":"auto","background-attachment":"scroll","background-type":"","background-media":"","overlay-type":"","overlay-color":"","overlay-opacity":"","overlay-gradient":""},"mobile":{"background-color":"var(--ast-global-color-4)","background-image":"","background-repeat":"repeat","background-position":"center center","background-size":"auto","background-attachment":"scroll","background-type":"","background-media":"","overlay-type":"","overlay-color":"","overlay-opacity":"","overlay-gradient":""}},"footnotes":""},"categories":[8],"tags":[],"class_list":["post-101","post","type-post","status-publish","format-standard","has-post-thumbnail","hentry","category-historias"],"_links":{"self":[{"href":"https:\/\/casaculturatejutleca.com\/index.php?rest_route=\/wp\/v2\/posts\/101","targetHints":{"allow":["GET"]}}],"collection":[{"href":"https:\/\/casaculturatejutleca.com\/index.php?rest_route=\/wp\/v2\/posts"}],"about":[{"href":"https:\/\/casaculturatejutleca.com\/index.php?rest_route=\/wp\/v2\/types\/post"}],"author":[{"embeddable":true,"href":"https:\/\/casaculturatejutleca.com\/index.php?rest_route=\/wp\/v2\/users\/1"}],"replies":[{"embeddable":true,"href":"https:\/\/casaculturatejutleca.com\/index.php?rest_route=%2Fwp%2Fv2%2Fcomments&post=101"}],"version-history":[{"count":4,"href":"https:\/\/casaculturatejutleca.com\/index.php?rest_route=\/wp\/v2\/posts\/101\/revisions"}],"predecessor-version":[{"id":112,"href":"https:\/\/casaculturatejutleca.com\/index.php?rest_route=\/wp\/v2\/posts\/101\/revisions\/112"}],"wp:featuredmedia":[{"embeddable":true,"href":"https:\/\/casaculturatejutleca.com\/index.php?rest_route=\/wp\/v2\/media\/106"}],"wp:attachment":[{"href":"https:\/\/casaculturatejutleca.com\/index.php?rest_route=%2Fwp%2Fv2%2Fmedia&parent=101"}],"wp:term":[{"taxonomy":"category","embeddable":true,"href":"https:\/\/casaculturatejutleca.com\/index.php?rest_route=%2Fwp%2Fv2%2Fcategories&post=101"},{"taxonomy":"post_tag","embeddable":true,"href":"https:\/\/casaculturatejutleca.com\/index.php?rest_route=%2Fwp%2Fv2%2Ftags&post=101"}],"curies":[{"name":"wp","href":"https:\/\/api.w.org\/{rel}","templated":true}]}}